{"id":738,"date":"2020-03-14T18:13:49","date_gmt":"2020-03-14T17:13:49","guid":{"rendered":"http:\/\/tsv-bischofsheim.de\/wp\/?p=738"},"modified":"2020-04-16T12:53:58","modified_gmt":"2020-04-16T10:53:58","slug":"einstellung-des-sportbetriebs","status":"publish","type":"post","link":"http:\/\/tsv-bischofsheim.de\/wp\/2020\/03\/14\/einstellung-des-sportbetriebs\/","title":{"rendered":"Einstellung des Sportbetriebs"},"content":{"rendered":"\n<p><a>Liebe Mitglieder,<\/a><\/p>\n\n\n\n<p>die Vorstandschaft\ndes TSV Bischofsheim hat sich am Freitagabend kurzfristig zu einer Sitzung\ngetroffen. Hauptthema war die Weiterf\u00fchrung des Sportbetriebes beim TSV\nBischofsheim.<\/p>\n\n\n\n<p>Die momentane Situation\num das Corona-Virus l\u00e4sst uns leider keine Wahl. Wir haben beschlossen, den\n\u00dcbungsbetrieb aller Abteilungen in der Schulturnhalle, sowie der eigenen\nHelmut-Becker-Halle, inklusive der Nutzung des Kraftraums, bis einschlie\u00dflich 19.\nApril 2020 (Ende Osterferien in Bayern) einzustellen.<\/p>\n\n\n\n<p>Darunter f\u00e4llt der\nmomentan schon stattfindende Flexibarkurs, als auch der schon ausgeschriebene\nKurs \u201eMeine kleine Auszeit\u201c am 21.03.2020 und die Jahreshauptversammlung am\n28.03.2020.<\/p>\n\n\n\n<p>Danach werden wir\nneu entscheiden, je nachdem wie sich die Situation entwickelt hat, ob die\n\u00dcbungsstunden fortgesetzt werden oder weiterhin ausfallen m\u00fcssen.<\/p>\n\n\n\n<p>Wir halten euch wie\ngewohnt auf unserer Website \u00fcber den aktuellen Stand auf dem Laufenden.<\/p>\n\n\n\n<p>Wir danken f\u00fcr Euer\nVerst\u00e4ndnis.<\/p>\n\n\n\n<p>Gunnar Schatz<\/p>\n\n\n\n<p>1. Vorsitzender \n\nTSV Bischofsheim\n\n\n\n<\/p>\n","protected":false},"excerpt":{"rendered":"<p>Liebe Mitglieder, die Vorstandschaft des TSV Bischofsheim hat sich am Freitagabend kurzfristig zu einer Sitzung getroffen. Hauptthema war die Weiterf\u00fchrung des Sportbetriebes beim TSV Bischofsheim. Die momentane Situation um das Corona-Virus l\u00e4sst uns leider keine Wahl. Wir haben beschlossen, den \u00dcbungsbetrieb aller Abteilungen in der Schulturnhalle, sowie der eigenen Helmut-Becker-Halle, inklusive der Nutzung des Kraftraums, &#8230; <a title=\"Einstellung des Sportbetriebs\" class=\"read-more\" href=\"http:\/\/tsv-bischofsheim.de\/wp\/2020\/03\/14\/einstellung-des-sportbetriebs\/\">Read more<\/a><\/p>\n","protected":false},"author":1,"featured_media":0,"comment_status":"closed","ping_status":"closed","sticky":false,"template":"","format":"standard","meta":{"ngg_post_thumbnail":0,"footnotes":""},"categories":[3],"tags":[],"class_list":["post-738","post","type-post","status-publish","format-standard","hentry","category-verein"],"_links":{"self":[{"href":"http:\/\/tsv-bischofsheim.de\/wp\/wp-json\/wp\/v2\/posts\/738","targetHints":{"allow":["GET"]}}],"collection":[{"href":"http:\/\/tsv-bischofsheim.de\/wp\/wp-json\/wp\/v2\/posts"}],"about":[{"href":"http:\/\/tsv-bischofsheim.de\/wp\/wp-json\/wp\/v2\/types\/post"}],"author":[{"embeddable":true,"href":"http:\/\/tsv-bischofsheim.de\/wp\/wp-json\/wp\/v2\/users\/1"}],"replies":[{"embeddable":true,"href":"http:\/\/tsv-bischofsheim.de\/wp\/wp-json\/wp\/v2\/comments?post=738"}],"version-history":[{"count":1,"href":"http:\/\/tsv-bischofsheim.de\/wp\/wp-json\/wp\/v2\/posts\/738\/revisions"}],"predecessor-version":[{"id":739,"href":"http:\/\/tsv-bischofsheim.de\/wp\/wp-json\/wp\/v2\/posts\/738\/revisions\/739"}],"wp:attachment":[{"href":"http:\/\/tsv-bischofsheim.de\/wp\/wp-json\/wp\/v2\/media?parent=738"}],"wp:term":[{"taxonomy":"category","embeddable":true,"href":"http:\/\/tsv-bischofsheim.de\/wp\/wp-json\/wp\/v2\/categories?post=738"},{"taxonomy":"post_tag","embeddable":true,"href":"http:\/\/tsv-bischofsheim.de\/wp\/wp-json\/wp\/v2\/tags?post=738"}],"curies":[{"name":"wp","href":"https:\/\/api.w.org\/{rel}","templated":true}]}}