{"id":804,"date":"2021-06-03T21:32:40","date_gmt":"2021-06-03T19:32:40","guid":{"rendered":"http:\/\/tsv-bischofsheim.de\/wp\/?p=804"},"modified":"2021-06-03T21:32:41","modified_gmt":"2021-06-03T19:32:41","slug":"sommerbetrieb","status":"publish","type":"post","link":"http:\/\/tsv-bischofsheim.de\/wp\/2021\/06\/03\/sommerbetrieb\/","title":{"rendered":"Sommerbetrieb"},"content":{"rendered":"\n<p>Liebe Mitglieder,<\/p>\n\n\n\n<p>endlich ist es soweit. Wir k\u00f6nnen einige Sparten des TSV Bischofsheim wieder f\u00fcr den Sportbetrieb \u00f6ffnen.Jetzt liegt es in unser aller Verantwortung, dass wir die Regeln, die immer noch existent sind, einhalten und beachten.<\/p>\n\n\n\n<p>Nur weil die Inzidenzzahlen niedrig sind, hei\u00dft das noch lange nicht, dass die Pandemie vorbei ist. Die uns auferlegten Ma\u00dfnahme werden, so meine Einsch\u00e4tzung, noch lange in unserem Alltag pr\u00e4sent sein. Lasst uns bitte beim Sportverein nicht damit aufh\u00f6ren und unseren Teil zur Bek\u00e4mpfung beizutragen.<\/p>\n\n\n\n<p><strong>Wie geht es jetzt weiter.<\/strong><\/p>\n\n\n\n<p>Ab Montag, den 07.06.2021 \u00f6ffnet wieder der <strong>Kraftraum<\/strong>. \u00d6ffnungszeiten sind von 18:00 bis 20:00 Uhr. Es d\u00fcrfen sich maximal 5 Personen im Kraftraum aufhalten. Nach der Benutzung eines Sportger\u00e4tes ist dieses zu desinfizieren. Auf eine ausreichende Bel\u00fcftung ist zu achten. Es liegen Listen aus, in die sich jede Sportlerin und jeder Sportler eintr\u00e4gt mit Vornamen, Namen, Telefonnummer und die Zeit, in der trainiert worden ist. Diese Listen werden 3 Wochen aufgehoben und danach vernichtet.<\/p>\n\n\n\n<p>Ebenfalls am Montag, den 07.06.2021 beginnt wieder der <strong>Frauensport<\/strong>. Die genauen Einzelheiten dazu erfahrt ihr bei Karina Werner. Setzt euch dazu bitte mit ihr in Verbindung.<\/p>\n\n\n\n<p>Am Dienstag, 08.06.2021 wird wieder <strong>Kleinkindersport<\/strong> von 17:15 bis 18:00 Uhr angeboten. Bei gutem Wetter trainieren wir auf dem Sportplatz, bei schlechtem bleiben wir in der Halle.\u00a0<\/p>\n\n\n\n<p>Auch die <strong>Rh\u00f6nradabteilung<\/strong> beginnt wieder mit ihrem Angebot ab dem 08.06.2021 ab 18:00 Uhr. Einzelheiten dazu k\u00f6nnt ihr bei Sabine Dickas und Silke Zehfu\u00df erfragen.<\/p>\n\n\n\n<p>Dieter B\u00fcttner wird ab Donnerstag, 10.06.2021 ab 20:00 Uhr wieder <strong>M\u00e4nnersport<\/strong> anbieten. Einzelheiten dazu k\u00f6nnt ihr bei ihm in Erfahrung bringen.<\/p>\n\n\n\n<p>Zu den <strong>Trampolineinheiten<\/strong> gibt es momentan noch keine Informationen. Bitte dazu direkt bei euren \u00dcbungsleiterinnen Anni und Antje Hein, Doris Neumann, Eva Kessler oder Nadine Becker nachfragen, ob und wann das Training stattfindet.<\/p>\n\n\n\n<p>Ebenso verh\u00e4lt es sich mit dem <strong>Jugendsport<\/strong>, der immer donnerstags von Doris Neumann angeboten wird. Hier bitte auch direkt bei Doris nachfragen.<\/p>\n\n\n\n<p>Das <strong>Eltern-Kind-Turnen<\/strong> kann momentan leider noch nicht stattfinden. Hier k\u00f6nnen wir kein geeignetes Hygienekonzept erarbeiten und vor allem die Abst\u00e4nde k\u00f6nnen bei den kleinsten nicht immer eingehalten werden.\u00a0<\/p>\n\n\n\n<p>S<strong>ylvia Gro\u00df<\/strong> bietet ab dem 08.06.2021 folgende Trainingseinheiten in der Helmut-Becker-Halle an.<\/p>\n\n\n\n<p>Dienstag von 19:00 \u2013 20:00 Uhr &#8211; Bodyforming<br>Dienstag von 20:00 \u2013 20:30 Uhr &#8211; Stretching mit Pilates<br>Donnerstag von 17:30 \u2013 18:30 Uhr \u2013 Softgym<\/p>\n\n\n\n<p>Kerstin Klasinski bietet ab dem 10.06.2021 wieder ihre <strong>Sommerlaufgruppe<\/strong> an.<br>Training ist immer donnerstags von 19:00 \u2013 20:00 Uhr.<br>Treffpunkt: Laufbahn oben bei der Schulturnhalle.<br>Die angeboten Onlineeinheiten entfallen damit ab sofort.\u00a0<\/p>\n\n\n\n<p>F\u00fcr alle Sportstunden gilt: Maskenpflicht zum Training hin und vom Training nach Hause. H\u00e4ndedesinfektion vor der \u00dcbungseinheit.<br>F\u00fcr alle Begleitpersonen, die auf der Empore der Sporthalle zuschauen, gilt ebenfalls Maskenpflicht.<br>Die Namen der Teilnehmerinnen und Teilnehmer an den \u00dcbungseinheiten werden ebenfalls dokumentiert und nach 3 Wochen vernichtet.<\/p>\n\n\n\n<p>Ein Rahmenhygienekonzept wurde erarbeitet und wird zeitnah bei uns auf der Website eingestellt. Au\u00dferdem h\u00e4ngt in jeder Sportstunde ein Hygienekonzept aus.<\/p>\n\n\n\n<p>Wir k\u00f6nnen jetzt die ersten Schritte zur Normalit\u00e4t anbieten. Tragt mit eurem umsichtigen Verhalten bitte dazu bei, dass wir die \u00dcbungsstunden genie\u00dfen und uns daran erfreuen k\u00f6nnen.&nbsp;<\/p>\n\n\n\n<p>Ich bitte jetzt schon um Verst\u00e4ndnis, dass eventuell am Anfang noch nicht alles so klappt, wie ihr es gewohnt seid. Aber nach so einer langen Zeit m\u00fcssen auch wir \u00dcbungsleiter uns wieder an den Sportbetrieb gew\u00f6hnen.\u00a0<br>F\u00fcr eventuelle R\u00fcckfragen stehen euch die \u00dcbungsleiter und ich gerne zur Verf\u00fcgung.<\/p>\n\n\n\n<p>Bleibt gesund und passt auf euch auf.<br>Euer Vorstand<br>Gunnar Schatz<\/p>\n","protected":false},"excerpt":{"rendered":"<p>Liebe Mitglieder, endlich ist es soweit. Wir k\u00f6nnen einige Sparten des TSV Bischofsheim wieder f\u00fcr den Sportbetrieb \u00f6ffnen.Jetzt liegt es in unser aller Verantwortung, dass wir die Regeln, die immer noch existent sind, einhalten und beachten. Nur weil die Inzidenzzahlen niedrig sind, hei\u00dft das noch lange nicht, dass die Pandemie vorbei ist. Die uns auferlegten &#8230; <a title=\"Sommerbetrieb\" class=\"read-more\" href=\"http:\/\/tsv-bischofsheim.de\/wp\/2021\/06\/03\/sommerbetrieb\/\">Read more<\/a><\/p>\n","protected":false},"author":1,"featured_media":0,"comment_status":"closed","ping_status":"closed","sticky":false,"template":"","format":"standard","meta":{"ngg_post_thumbnail":0,"footnotes":""},"categories":[3],"tags":[],"class_list":["post-804","post","type-post","status-publish","format-standard","hentry","category-verein"],"_links":{"self":[{"href":"http:\/\/tsv-bischofsheim.de\/wp\/wp-json\/wp\/v2\/posts\/804","targetHints":{"allow":["GET"]}}],"collection":[{"href":"http:\/\/tsv-bischofsheim.de\/wp\/wp-json\/wp\/v2\/posts"}],"about":[{"href":"http:\/\/tsv-bischofsheim.de\/wp\/wp-json\/wp\/v2\/types\/post"}],"author":[{"embeddable":true,"href":"http:\/\/tsv-bischofsheim.de\/wp\/wp-json\/wp\/v2\/users\/1"}],"replies":[{"embeddable":true,"href":"http:\/\/tsv-bischofsheim.de\/wp\/wp-json\/wp\/v2\/comments?post=804"}],"version-history":[{"count":1,"href":"http:\/\/tsv-bischofsheim.de\/wp\/wp-json\/wp\/v2\/posts\/804\/revisions"}],"predecessor-version":[{"id":805,"href":"http:\/\/tsv-bischofsheim.de\/wp\/wp-json\/wp\/v2\/posts\/804\/revisions\/805"}],"wp:attachment":[{"href":"http:\/\/tsv-bischofsheim.de\/wp\/wp-json\/wp\/v2\/media?parent=804"}],"wp:term":[{"taxonomy":"category","embeddable":true,"href":"http:\/\/tsv-bischofsheim.de\/wp\/wp-json\/wp\/v2\/categories?post=804"},{"taxonomy":"post_tag","embeddable":true,"href":"http:\/\/tsv-bischofsheim.de\/wp\/wp-json\/wp\/v2\/tags?post=804"}],"curies":[{"name":"wp","href":"https:\/\/api.w.org\/{rel}","templated":true}]}}