{"id":809,"date":"2021-06-20T17:50:38","date_gmt":"2021-06-20T15:50:38","guid":{"rendered":"http:\/\/tsv-bischofsheim.de\/wp\/?p=809"},"modified":"2021-06-20T17:50:39","modified_gmt":"2021-06-20T15:50:39","slug":"rgc-bischofsheim","status":"publish","type":"post","link":"http:\/\/tsv-bischofsheim.de\/wp\/2021\/06\/20\/rgc-bischofsheim\/","title":{"rendered":"RGC Bischofsheim"},"content":{"rendered":"\n<p>Am Wochenende 25. bis 27.06.2021 findet der RGC in Bischofsheim statt. Wer gerne teilnehmen m\u00f6chte, kann am Freitag, 25.06.2021 von 17:00 \u2013 19:00 Uhr und am Samstag, 26.06.2021 von 12:00 \u2013 17:00 Uhr die Strecke absolvieren. Anmeldung ist vor Ort an der Helmut-Becker-Halle m\u00f6glich.<\/p>\n\n\n\n<p>Wer au\u00dferhalb der o. g. Zeiten oder am Sonntag teilnehmen m\u00f6chte, kann dies gerne tun und dann seine Teilnahme an die Emailadresse&nbsp;<a href=\"mailto:rgcfamilie@gmx.de\">rgcfamilie@gmx.de<\/a>&nbsp;\u00fcbermitteln.<\/p>\n\n\n\n<p>Es werden alle Strecken angeboten. Eine Bambinirunde auf dem Sportplatz, die Sch\u00fclerl\u00e4ufe \u00fcber 1,4 und 2,2 km, Hobby- und Jugendlauf \u00fcber 5,9 km, sowie der Hauptlauf \u00fcber 9,6 km. Die Strecken \u00fcber 5,9 und 9,6 km k\u00f6nnen auch gewalkt werden.<\/p>\n\n\n\n<p>Da es sich bei der Veranstaltung um keinen Wettkampf handelt, sind auf der Strecke auch keine Wasserstellen vorhanden. Trotzdem bekommt jeder Teilnehmer, der zu den Anmeldezeiten am Freitag und Samstag eine Strecke absolviert, ein kleines Geschenk.<\/p>\n\n\n\n<p>Wie immer stehen keine Umkleiden und Duschen zur Verf\u00fcgung.<\/p>\n\n\n\n<p>Ihr k\u00f6nnt die Strecken so bew\u00e4ltigen, wie es euch Spa\u00df macht. Es gibt keine Zeitnahme.<\/p>\n\n\n\n<p>Startgeb\u00fchr wird auch keine f\u00e4llig.<\/p>\n\n\n\n<p>Ich w\u00fcnsche euch dabei viel Spa\u00df und bleibt vor allem gesund.<\/p>\n\n\n\n<p>Gru\u00df Gunnar<\/p>\n","protected":false},"excerpt":{"rendered":"<p>Am Wochenende 25. bis 27.06.2021 findet der RGC in Bischofsheim statt. Wer gerne teilnehmen m\u00f6chte, kann am Freitag, 25.06.2021 von 17:00 \u2013 19:00 Uhr und am Samstag, 26.06.2021 von 12:00 \u2013 17:00 Uhr die Strecke absolvieren. Anmeldung ist vor Ort an der Helmut-Becker-Halle m\u00f6glich. Wer au\u00dferhalb der o. g. Zeiten oder am Sonntag teilnehmen m\u00f6chte, &#8230; <a title=\"RGC Bischofsheim\" class=\"read-more\" href=\"http:\/\/tsv-bischofsheim.de\/wp\/2021\/06\/20\/rgc-bischofsheim\/\">Read more<\/a><\/p>\n","protected":false},"author":1,"featured_media":0,"comment_status":"closed","ping_status":"closed","sticky":false,"template":"","format":"standard","meta":{"ngg_post_thumbnail":0,"footnotes":""},"categories":[3],"tags":[],"class_list":["post-809","post","type-post","status-publish","format-standard","hentry","category-verein"],"_links":{"self":[{"href":"http:\/\/tsv-bischofsheim.de\/wp\/wp-json\/wp\/v2\/posts\/809","targetHints":{"allow":["GET"]}}],"collection":[{"href":"http:\/\/tsv-bischofsheim.de\/wp\/wp-json\/wp\/v2\/posts"}],"about":[{"href":"http:\/\/tsv-bischofsheim.de\/wp\/wp-json\/wp\/v2\/types\/post"}],"author":[{"embeddable":true,"href":"http:\/\/tsv-bischofsheim.de\/wp\/wp-json\/wp\/v2\/users\/1"}],"replies":[{"embeddable":true,"href":"http:\/\/tsv-bischofsheim.de\/wp\/wp-json\/wp\/v2\/comments?post=809"}],"version-history":[{"count":1,"href":"http:\/\/tsv-bischofsheim.de\/wp\/wp-json\/wp\/v2\/posts\/809\/revisions"}],"predecessor-version":[{"id":810,"href":"http:\/\/tsv-bischofsheim.de\/wp\/wp-json\/wp\/v2\/posts\/809\/revisions\/810"}],"wp:attachment":[{"href":"http:\/\/tsv-bischofsheim.de\/wp\/wp-json\/wp\/v2\/media?parent=809"}],"wp:term":[{"taxonomy":"category","embeddable":true,"href":"http:\/\/tsv-bischofsheim.de\/wp\/wp-json\/wp\/v2\/categories?post=809"},{"taxonomy":"post_tag","embeddable":true,"href":"http:\/\/tsv-bischofsheim.de\/wp\/wp-json\/wp\/v2\/tags?post=809"}],"curies":[{"name":"wp","href":"https:\/\/api.w.org\/{rel}","templated":true}]}}